{"id":24014,"date":"2025-08-04T14:30:25","date_gmt":"2025-08-04T14:30:25","guid":{"rendered":"https:\/\/www.clinicaduranburgos.com\/?p=24014"},"modified":"2025-08-04T08:48:47","modified_gmt":"2025-08-04T08:48:47","slug":"como-definir-mandibula","status":"publish","type":"post","link":"https:\/\/www.clinicaduranburgos.com\/es\/como-definir-mandibula\/","title":{"rendered":"Descubre opciones est\u00e9ticas y naturales para saber c\u00f3mo definir la mand\u00edbula"},"content":{"rendered":"<p><span style=\"font-weight: 400;\">\u00bfTe gustar\u00eda tener una <\/span><b>mand\u00edbula m\u00e1s definida y un perfil facial m\u00e1s arm\u00f3nico<\/b><span style=\"font-weight: 400;\">? Cada vez m\u00e1s personas se interesan en definir la mand\u00edbula y mejorar su apariencia, ya sea por motivos est\u00e9ticos o por el deseo de realzar su expresi\u00f3n facial. La buena noticia es que existen m\u00e9todos naturales y tratamientos m\u00ednimamente invasivos que pueden ayudarte a lograrlo sin recurrir a la cirug\u00eda.<\/span><\/p>\n<p><span style=\"font-weight: 400;\">En este art\u00edculo queremos contarte qu\u00e9 influye en la <\/span><b>forma de la l\u00ednea mandibular,<\/b><span style=\"font-weight: 400;\"> qu\u00e9 h\u00e1bitos pueden ayudarte a mejorarla y cu\u00e1les son las opciones de medicina est\u00e9tica m\u00e1s usada para lograr esa zona de la mand\u00edbula m\u00e1s firme.\u00a0<\/span><\/p>\n<div id=\"ez-toc-container\" class=\"ez-toc-v2_0_79_2 counter-hierarchy ez-toc-counter ez-toc-grey ez-toc-container-direction\">\n<div class=\"ez-toc-title-container\">\n<p class=\"ez-toc-title\" style=\"cursor:inherit\"><\/p>\n<span class=\"ez-toc-title-toggle\"><\/span><\/div>\n<nav><ul class='ez-toc-list ez-toc-list-level-1 ' ><li class='ez-toc-page-1 ez-toc-heading-level-2'><a class=\"ez-toc-link ez-toc-heading-1\" href=\"https:\/\/www.clinicaduranburgos.com\/es\/como-definir-mandibula\/#%C2%BFQue_influye_en_la_forma_de_la_linea_mandibular\" >\u00bfQu\u00e9 influye en la forma de la l\u00ednea mandibular?<\/a><ul class='ez-toc-list-level-3' ><li class='ez-toc-heading-level-3'><a class=\"ez-toc-link ez-toc-heading-2\" href=\"https:\/\/www.clinicaduranburgos.com\/es\/como-definir-mandibula\/#Genetica_y_tipo_de_mandibula\" >Gen\u00e9tica y tipo de mand\u00edbula<\/a><\/li><li class='ez-toc-page-1 ez-toc-heading-level-3'><a class=\"ez-toc-link ez-toc-heading-3\" href=\"https:\/\/www.clinicaduranburgos.com\/es\/como-definir-mandibula\/#Envejecimiento_y_perdida_de_definicion_facial\" >Envejecimiento y p\u00e9rdida de definici\u00f3n facial<\/a><\/li><\/ul><\/li><li class='ez-toc-page-1 ez-toc-heading-level-2'><a class=\"ez-toc-link ez-toc-heading-4\" href=\"https:\/\/www.clinicaduranburgos.com\/es\/como-definir-mandibula\/#Metodos_naturales_para_marcar_la_mandibula\" >M\u00e9todos naturales para marcar la mand\u00edbula<\/a><ul class='ez-toc-list-level-3' ><li class='ez-toc-heading-level-3'><a class=\"ez-toc-link ez-toc-heading-5\" href=\"https:\/\/www.clinicaduranburgos.com\/es\/como-definir-mandibula\/#Ejercicios_para_definir_la_mandibula_en_casa\" >Ejercicios para definir la mand\u00edbula en casa<\/a><\/li><li class='ez-toc-page-1 ez-toc-heading-level-3'><a class=\"ez-toc-link ez-toc-heading-6\" href=\"https:\/\/www.clinicaduranburgos.com\/es\/como-definir-mandibula\/#Habitos_que_mejoran_el_contorno_facial\" >H\u00e1bitos que mejoran el contorno facial<\/a><\/li><\/ul><\/li><li class='ez-toc-page-1 ez-toc-heading-level-2'><a class=\"ez-toc-link ez-toc-heading-7\" href=\"https:\/\/www.clinicaduranburgos.com\/es\/como-definir-mandibula\/#Tratamientos_esteticos_para_definir_la_mandibula\" >Tratamientos est\u00e9ticos para definir la mand\u00edbula<\/a><ul class='ez-toc-list-level-3' ><li class='ez-toc-heading-level-3'><a class=\"ez-toc-link ez-toc-heading-8\" href=\"https:\/\/www.clinicaduranburgos.com\/es\/como-definir-mandibula\/#Marcacion_mandibular_con_acido_hialuronico\" >Marcaci\u00f3n mandibular con \u00e1cido hialur\u00f3nico<\/a><\/li><li class='ez-toc-page-1 ez-toc-heading-level-3'><a class=\"ez-toc-link ez-toc-heading-9\" href=\"https:\/\/www.clinicaduranburgos.com\/es\/como-definir-mandibula\/#Implantes_mandibulares\" >Implantes mandibulares<\/a><\/li><li class='ez-toc-page-1 ez-toc-heading-level-3'><a class=\"ez-toc-link ez-toc-heading-10\" href=\"https:\/\/www.clinicaduranburgos.com\/es\/como-definir-mandibula\/#Injertos_o_rellenos_dermicos\" >Injertos o rellenos d\u00e9rmicos<\/a><\/li><\/ul><\/li><li class='ez-toc-page-1 ez-toc-heading-level-2'><a class=\"ez-toc-link ez-toc-heading-11\" href=\"https:\/\/www.clinicaduranburgos.com\/es\/como-definir-mandibula\/#%C2%BFQue_debes_tener_en_cuenta_antes_de_hacerte_un_tratamiento\" >\u00bfQu\u00e9 debes tener en cuenta antes de hacerte un tratamiento?<\/a><ul class='ez-toc-list-level-3' ><li class='ez-toc-heading-level-3'><a class=\"ez-toc-link ez-toc-heading-12\" href=\"https:\/\/www.clinicaduranburgos.com\/es\/como-definir-mandibula\/#Riesgos_cuidados_y_contraindicaciones_posibles\" >Riesgos, cuidados y contraindicaciones posibles<\/a><\/li><\/ul><\/li><\/ul><\/nav><\/div>\n<h2><span class=\"ez-toc-section\" id=\"%C2%BFQue_influye_en_la_forma_de_la_linea_mandibular\"><\/span><b>\u00bfQu\u00e9 influye en la forma de la l\u00ednea mandibular?<\/b><span class=\"ez-toc-section-end\"><\/span><\/h2>\n<p><span style=\"font-weight: 400;\">La<\/span><b> forma y definici\u00f3n de la l\u00ednea de la mand\u00edbula<\/b><span style=\"font-weight: 400;\"> dependen de distintos factores. Algunos son gen\u00e9ticos, pero otros pueden mejorarse o corregirse con cuidados y tratamientos espec\u00edficos. Te lo contamos a continuaci\u00f3n.\u00a0<\/span><\/p>\n<h3><span class=\"ez-toc-section\" id=\"Genetica_y_tipo_de_mandibula\"><\/span><b>Gen\u00e9tica y tipo de mand\u00edbula<\/b><span class=\"ez-toc-section-end\"><\/span><\/h3>\n<p><span style=\"font-weight: 400;\">La gen\u00e9tica tiene un papel muy importante. Algunas personas nacen con una mand\u00edbula m\u00e1s marcada y otras con una estructura menos definida. El grosor de los huesos, la forma del rostro y la cantidad de grasa en el \u00e1rea son caracter\u00edsticas heredadas que influyen directamente en el contorno facial.<\/span><\/p>\n<h3><span class=\"ez-toc-section\" id=\"Envejecimiento_y_perdida_de_definicion_facial\"><\/span><b>Envejecimiento y p\u00e9rdida de definici\u00f3n facial<\/b><span class=\"ez-toc-section-end\"><\/span><\/h3>\n<p><span style=\"font-weight: 400;\">Con el paso del tiempo, la piel pierde firmeza, el m\u00fasculo se debilita y los tejidos blandos comienzan a descender. Esto provoca que la<\/span><b> zona de la mand\u00edbula pierda definici\u00f3n <\/b><span style=\"font-weight: 400;\">y se vean cambios en la l\u00ednea mandibular, como la aparici\u00f3n de papada o flacidez. Aunque hay que resaltar que es un proceso natural, existen formas de prevenir o revertir estos efectos para recuperar un aspecto m\u00e1s juvenil.<\/span><\/p>\n<p>&nbsp;<\/p>\n<h2><span class=\"ez-toc-section\" id=\"Metodos_naturales_para_marcar_la_mandibula\"><\/span><b>M\u00e9todos naturales para marcar la mand\u00edbula<\/b><span class=\"ez-toc-section-end\"><\/span><\/h2>\n<p><span style=\"font-weight: 400;\">Antes de pensar en un tratamiento est\u00e9tico, muchas personas optan por opciones naturales que pueden ayudar a tonificar los m\u00fasculos faciales y<\/span><b> mejorar la apariencia de la mand\u00edbula de forma progresiva<\/b><span style=\"font-weight: 400;\">.<\/span><\/p>\n<h3><span class=\"ez-toc-section\" id=\"Ejercicios_para_definir_la_mandibula_en_casa\"><\/span><b>Ejercicios para definir la mand\u00edbula en casa<\/b><span class=\"ez-toc-section-end\"><\/span><\/h3>\n<p><span style=\"font-weight: 400;\">Los ejercicios faciales son una alternativa simple y econ\u00f3mica para fortalecer los m\u00fasculos del rostro, especialmente los de la zona de la mand\u00edbula. Algunos ejemplos incluyen:<\/span><\/p>\n<ul>\n<li style=\"font-weight: 400;\" aria-level=\"1\"><span style=\"font-weight: 400;\">Ejercicios de <\/span><b>masticaci\u00f3n con goma dura (tipo chicle).<\/b><\/li>\n<li style=\"font-weight: 400;\" aria-level=\"1\"><span style=\"font-weight: 400;\">Masajes ascendentes en la l\u00ednea mandibular con <\/span><b>rodillos o gua sha.<\/b><\/li>\n<li style=\"font-weight: 400;\" aria-level=\"1\"><b>\u201cMewing\u201d<\/b><span style=\"font-weight: 400;\">: una t\u00e9cnica que implica colocar correctamente la lengua en el paladar para mejorar la postura mandibular.<\/span><\/li>\n<\/ul>\n<p><span style=\"font-weight: 400;\">Aunque los resultados son m\u00e1s lentos que con un tratamiento est\u00e9tico, la constancia puede hacer una diferencia visible a largo plazo.<\/span><\/p>\n<h3><span class=\"ez-toc-section\" id=\"Habitos_que_mejoran_el_contorno_facial\"><\/span><b>H\u00e1bitos que mejoran el contorno facial<\/b><span class=\"ez-toc-section-end\"><\/span><\/h3>\n<p><span style=\"font-weight: 400;\">Adem\u00e1s del ejercicio, hay h\u00e1bitos diarios que pueden ayudarte a mantener un rostro m\u00e1s definido:<\/span><\/p>\n<ul>\n<li style=\"font-weight: 400;\" aria-level=\"1\"><span style=\"font-weight: 400;\">Dormir bien y evitar el estr\u00e9s.<\/span><\/li>\n<li style=\"font-weight: 400;\" aria-level=\"1\"><span style=\"font-weight: 400;\">Mantener una buena hidrataci\u00f3n.<\/span><\/li>\n<li style=\"font-weight: 400;\" aria-level=\"1\"><span style=\"font-weight: 400;\">Reducir la sal y el alcohol, que pueden causar hinchaz\u00f3n.<\/span><\/li>\n<li style=\"font-weight: 400;\" aria-level=\"1\"><span style=\"font-weight: 400;\">Seguir una dieta rica en prote\u00ednas, col\u00e1geno y antioxidantes.<\/span><\/li>\n<\/ul>\n<p><span style=\"font-weight: 400;\">Todo esto contribuye a una piel m\u00e1s firme y a un contorno facial m\u00e1s saludable.<\/span><\/p>\n<h2><span class=\"ez-toc-section\" id=\"Tratamientos_esteticos_para_definir_la_mandibula\"><\/span><b>Tratamientos est\u00e9ticos para definir la mand\u00edbula<\/b><span class=\"ez-toc-section-end\"><\/span><\/h2>\n<p><span style=\"font-weight: 400;\">Cuando los m\u00e9todos naturales no son suficientes o se busca un cambio algo m\u00e1s r\u00e1pido, la medicina est\u00e9tica ofrece tratamientos seguros y eficaces para mejorar la forma y definir la mand\u00edbula sin cirug\u00eda. El m\u00e1s solicitado actualmente es la marcaci\u00f3n mandibular con <\/span><a href=\"https:\/\/www.clinicaduranburgos.com\/es\/cual-es-la-diferencia-entre-botox-y-acido-hialuronico\/\"><span style=\"font-weight: 400;\">\u00e1cido hialur\u00f3nico<\/span><\/a><span style=\"font-weight: 400;\">, pero taambi\u00e9n hay otras alternativas:<\/span><\/p>\n<h3><span class=\"ez-toc-section\" id=\"Marcacion_mandibular_con_acido_hialuronico\"><\/span><b>Marcaci\u00f3n mandibular con \u00e1cido hialur\u00f3nico<\/b><span class=\"ez-toc-section-end\"><\/span><\/h3>\n<p><span style=\"font-weight: 400;\">La <\/span><b>marcaci\u00f3n mandibular con \u00e1cido<\/b><span style=\"font-weight: 400;\"> es un procedimiento m\u00ednimamente invasivo que consiste en aplicar infiltraciones de \u00e1cido hialur\u00f3nico en puntos clave de la zona de la mand\u00edbula. Esto se hace para aportar volumen, estructura y mejorar el perfil facial.<\/span><\/p>\n<p><span style=\"font-weight: 400;\">Este tratamiento con \u00e1cido hialur\u00f3nico <\/span><b>se realiza en consulta<\/b><span style=\"font-weight: 400;\">,<\/span><b> no requiere cirug\u00eda<\/b><span style=\"font-weight: 400;\"> y ofrece r<\/span><b>esultados naturales y duraderos<\/b><span style=\"font-weight: 400;\">, que pueden durar entre 12 y 18 meses. El \u00e1cido hialur\u00f3nico de alta densidad utilizado en este tipo de procedimientos est\u00e1 dise\u00f1ado para resistir el movimiento y mantener la firmeza en esta \u00e1rea tan din\u00e1mica del rostro.<\/span><\/p>\n<p><span style=\"font-weight: 400;\">Adem\u00e1s de mejorar la est\u00e9tica, tambi\u00e9n puede corregir asimetr\u00edas leves y redefinir el contorno facial sin perder naturalidad.<\/span><\/p>\n<h3><span class=\"ez-toc-section\" id=\"Implantes_mandibulares\"><\/span><b>Implantes mandibulares<\/b><span class=\"ez-toc-section-end\"><\/span><\/h3>\n<p><span style=\"font-weight: 400;\">Para personas que buscan un resultado m\u00e1s permanente, los <\/span><a href=\"https:\/\/www.clinicaduranburgos.com\/es\/beneficios-de-la-implantologia-digital-para-tu-salud\/\"><b>implantes mandibulares<\/b><\/a><span style=\"font-weight: 400;\"> son una opci\u00f3n quir\u00fargica que modifica la forma de la mand\u00edbula con pr\u00f3tesis personalizadas. Aunque los resultados son m\u00e1s duraderos, este procedimiento requiere anestesia, tiempo de recuperaci\u00f3n y un presupuesto m\u00e1s elevado.<\/span><\/p>\n<p><span style=\"font-weight: 400;\">Por eso, muchas personas prefieren empezar con un tratamiento de marcaci\u00f3n mandibular no quir\u00fargico antes de considerar una cirug\u00eda.<\/span><\/p>\n<h3><span class=\"ez-toc-section\" id=\"Injertos_o_rellenos_dermicos\"><\/span><b>Injertos o rellenos d\u00e9rmicos<\/b><span class=\"ez-toc-section-end\"><\/span><\/h3>\n<p><span style=\"font-weight: 400;\">Adem\u00e1s del hialur\u00f3nico en la mand\u00edbula, existen otros <\/span><b>rellenos d\u00e9rmicos<\/b><span style=\"font-weight: 400;\"> que pueden utilizarse en esta zona, como la <\/span><b>hidroxiapatita c\u00e1lcica o el \u00e1cido polil\u00e1ctico. <\/b><span style=\"font-weight: 400;\">Estos materiales no solo aportan volumen, sino que tambi\u00e9n estimulan la producci\u00f3n de col\u00e1geno, mejorando la calidad de la piel.<\/span><\/p>\n<p><span style=\"font-weight: 400;\">La elecci\u00f3n entre uno u otro depende del tipo de piel, la edad, el objetivo est\u00e9tico del paciente y la recomendaci\u00f3n del profesional.<\/span><\/p>\n<p><b>Te puede interesar: L\u00edneas de Marioneta: <\/b><a href=\"https:\/\/www.clinicaduranburgos.com\/es\/lineas-de-marioneta\/\"><b>\u00bfQu\u00e9 son y c\u00f3mo eliminarlas?<\/b><\/a><\/p>\n<h2><span class=\"ez-toc-section\" id=\"%C2%BFQue_debes_tener_en_cuenta_antes_de_hacerte_un_tratamiento\"><\/span><b>\u00bfQu\u00e9 debes tener en cuenta antes de hacerte un tratamiento?<\/b><span class=\"ez-toc-section-end\"><\/span><\/h2>\n<p><span style=\"font-weight: 400;\">Antes de realizarte cualquier procedimiento est\u00e9tico, <\/span><b>es importante que acudas a una consulta con un profesional especializado.<\/b><span style=\"font-weight: 400;\"> Solo un experto podr\u00e1 evaluar tu caso, explicarte las opciones disponibles y recomendarte el mejor tratamiento de \u00e1cido hialur\u00f3nico para ti.<\/span><\/p>\n<h3><span class=\"ez-toc-section\" id=\"Riesgos_cuidados_y_contraindicaciones_posibles\"><\/span><b>Riesgos, cuidados y contraindicaciones posibles<\/b><span class=\"ez-toc-section-end\"><\/span><\/h3>\n<p><span style=\"font-weight: 400;\">Aunque es un tratamiento seguro, hay algunas precauciones a tener en cuenta:<\/span><\/p>\n<ul>\n<li style=\"font-weight: 400;\" aria-level=\"1\"><span style=\"font-weight: 400;\">Puede haber inflamaci\u00f3n o peque\u00f1os hematomas en los d\u00edas posteriores.<\/span><\/li>\n<li style=\"font-weight: 400;\" aria-level=\"1\"><span style=\"font-weight: 400;\">No se recomienda en personas con infecciones activas, enfermedades autoinmunes no controladas o durante el embarazo y la lactancia.<\/span><\/li>\n<li style=\"font-weight: 400;\" aria-level=\"1\"><span style=\"font-weight: 400;\">Es importante seguir las indicaciones post-tratamiento: evitar el sol, el alcohol y el ejercicio intenso durante 24-48 horas.<\/span><\/li>\n<\/ul>\n<p><span style=\"font-weight: 400;\">Elegir un centro m\u00e9dico con experiencia en est\u00e9ticos faciales es clave para lograr buenos resultados sin complicaciones.<\/span><\/p>\n<p><span style=\"font-weight: 400;\">Los tratamientos est\u00e9ticos faciales m\u00e1s avanzados ahora tambi\u00e9n en <\/span><b>Dur\u00e1n &amp; Burgos.<\/b><span style=\"font-weight: 400;\"> Ponemos a tu disposici\u00f3n tratamientos personalizados como la <\/span><b>marcaci\u00f3n mandibular con \u00e1cido hialur\u00f3nico,<\/b><span style=\"font-weight: 400;\"> armonizaci\u00f3n facial, estimuladores de col\u00e1geno y soluciones regenerativas, realizados por profesionales m\u00e9dicos altamente cualificados, con tecnolog\u00eda avanzada y en un entorno cl\u00ednico seguro. <\/span><a href=\"https:\/\/www.clinicaduranburgos.com\/es\/estetica-facial-en-sitges\/\"><span style=\"font-weight: 400;\">Solicita tu primera consulta para tu est\u00e9tica facial<\/span><\/a><span style=\"font-weight: 400;\">.\u00a0<\/span><\/p>\n","protected":false},"excerpt":{"rendered":"<p>\u00bfTe gustar\u00eda tener una mand\u00edbula m\u00e1s definida y un perfil facial m\u00e1s arm\u00f3nico? Cada vez m\u00e1s personas se interesan en definir la mand\u00edbula y mejorar su apariencia, ya sea por motivos est\u00e9ticos o por el deseo de realzar su expresi\u00f3n facial. La buena noticia es&#8230;<\/p>\n","protected":false},"author":7,"featured_media":24015,"comment_status":"open","ping_status":"open","sticky":false,"template":"","format":"standard","meta":{"_acf_changed":false,"_joinchat":[],"footnotes":""},"categories":[78,172],"tags":[183],"class_list":["post-24014","post","type-post","status-publish","format-standard","has-post-thumbnail","hentry","category-duran-y-burgos","category-estetica-facial","tag-marcacion-de-mandibula"],"acf":[],"yoast_head":"<!-- This site is optimized with the Yoast SEO plugin v27.4 - https:\/\/yoast.com\/product\/yoast-seo-wordpress\/ -->\n<title>C\u00f3mo definir la mand\u00edbula: m\u00e9todos naturales y est\u00e9ticos<\/title>\n<meta name=\"description\" content=\"Si no tienes claro c\u00f3mo definir tu mand\u00edbula, en esta gu\u00eda te explicamos qu\u00e9 influye en su forma y c\u00f3mo puedes mejorarla con o sin tratamientos\" \/>\n<meta name=\"robots\" content=\"index, follow, max-snippet:-1, max-image-preview:large, max-video-preview:-1\" \/>\n<link rel=\"canonical\" href=\"https:\/\/www.clinicaduranburgos.com\/es\/como-definir-mandibula\/\" \/>\n<meta property=\"og:locale\" content=\"es_ES\" \/>\n<meta property=\"og:type\" content=\"article\" \/>\n<meta property=\"og:title\" content=\"C\u00f3mo definir la mand\u00edbula: m\u00e9todos naturales y est\u00e9ticos\" \/>\n<meta property=\"og:description\" content=\"Si no tienes claro c\u00f3mo definir tu mand\u00edbula, en esta gu\u00eda te explicamos qu\u00e9 influye en su forma y c\u00f3mo puedes mejorarla con o sin tratamientos\" \/>\n<meta property=\"og:url\" content=\"https:\/\/www.clinicaduranburgos.com\/es\/como-definir-mandibula\/\" \/>\n<meta property=\"og:site_name\" content=\"Cl\u00ednica Dur\u00e1n y Burgos\" \/>\n<meta property=\"article:publisher\" content=\"https:\/\/www.facebook.com\/ClinicaDentalDuranyBurgos\/\" \/>\n<meta property=\"article:published_time\" content=\"2025-08-04T14:30:25+00:00\" \/>\n<meta property=\"og:image\" content=\"https:\/\/www.clinicaduranburgos.com\/wp-content\/uploads\/2025\/08\/image2.jpg\" \/>\n\t<meta property=\"og:image:width\" content=\"1200\" \/>\n\t<meta property=\"og:image:height\" content=\"800\" \/>\n\t<meta property=\"og:image:type\" content=\"image\/jpeg\" \/>\n<meta name=\"author\" content=\"Dr. Gonzalo Dur\u00e1n\" \/>\n<meta name=\"twitter:card\" content=\"summary_large_image\" \/>\n<meta name=\"twitter:label1\" content=\"Escrito por\" \/>\n\t<meta name=\"twitter:data1\" content=\"Dr. Gonzalo Dur\u00e1n\" \/>\n\t<meta name=\"twitter:label2\" content=\"Tiempo de lectura\" \/>\n\t<meta name=\"twitter:data2\" content=\"5 minutos\" \/>\n<script type=\"application\/ld+json\" class=\"yoast-schema-graph\">{\"@context\":\"https:\\\/\\\/schema.org\",\"@graph\":[{\"@type\":[\"Article\",\"BlogPosting\"],\"@id\":\"https:\\\/\\\/www.clinicaduranburgos.com\\\/es\\\/como-definir-mandibula\\\/#article\",\"isPartOf\":{\"@id\":\"https:\\\/\\\/www.clinicaduranburgos.com\\\/es\\\/como-definir-mandibula\\\/\"},\"author\":{\"name\":\"Dr. Gonzalo Dur\u00e1n\",\"@id\":\"https:\\\/\\\/www.clinicaduranburgos.com\\\/es\\\/#\\\/schema\\\/person\\\/c9e6e940b73d77deeefa662c0b4fdde7\"},\"headline\":\"Descubre opciones est\u00e9ticas y naturales para saber c\u00f3mo definir la mand\u00edbula\",\"datePublished\":\"2025-08-04T14:30:25+00:00\",\"mainEntityOfPage\":{\"@id\":\"https:\\\/\\\/www.clinicaduranburgos.com\\\/es\\\/como-definir-mandibula\\\/\"},\"wordCount\":1120,\"commentCount\":0,\"publisher\":{\"@id\":\"https:\\\/\\\/www.clinicaduranburgos.com\\\/es\\\/#organization\"},\"image\":{\"@id\":\"https:\\\/\\\/www.clinicaduranburgos.com\\\/es\\\/como-definir-mandibula\\\/#primaryimage\"},\"thumbnailUrl\":\"https:\\\/\\\/www.clinicaduranburgos.com\\\/wp-content\\\/uploads\\\/2025\\\/08\\\/image2.jpg\",\"keywords\":[\"Marcaci\u00f3n de mandibula\"],\"articleSection\":[\"Dur\u00e1n y Burgos\",\"Est\u00e9tica Facial\"],\"inLanguage\":\"es\",\"potentialAction\":[{\"@type\":\"CommentAction\",\"name\":\"Comment\",\"target\":[\"https:\\\/\\\/www.clinicaduranburgos.com\\\/es\\\/como-definir-mandibula\\\/#respond\"]}]},{\"@type\":[\"WebPage\",\"ItemPage\"],\"@id\":\"https:\\\/\\\/www.clinicaduranburgos.com\\\/es\\\/como-definir-mandibula\\\/\",\"url\":\"https:\\\/\\\/www.clinicaduranburgos.com\\\/es\\\/como-definir-mandibula\\\/\",\"name\":\"C\u00f3mo definir la mand\u00edbula: m\u00e9todos naturales y est\u00e9ticos\",\"isPartOf\":{\"@id\":\"https:\\\/\\\/www.clinicaduranburgos.com\\\/es\\\/#website\"},\"primaryImageOfPage\":{\"@id\":\"https:\\\/\\\/www.clinicaduranburgos.com\\\/es\\\/como-definir-mandibula\\\/#primaryimage\"},\"image\":{\"@id\":\"https:\\\/\\\/www.clinicaduranburgos.com\\\/es\\\/como-definir-mandibula\\\/#primaryimage\"},\"thumbnailUrl\":\"https:\\\/\\\/www.clinicaduranburgos.com\\\/wp-content\\\/uploads\\\/2025\\\/08\\\/image2.jpg\",\"datePublished\":\"2025-08-04T14:30:25+00:00\",\"description\":\"Si no tienes claro c\u00f3mo definir tu mand\u00edbula, en esta gu\u00eda te explicamos qu\u00e9 influye en su forma y c\u00f3mo puedes mejorarla con o sin tratamientos\",\"breadcrumb\":{\"@id\":\"https:\\\/\\\/www.clinicaduranburgos.com\\\/es\\\/como-definir-mandibula\\\/#breadcrumb\"},\"inLanguage\":\"es\",\"potentialAction\":[{\"@type\":\"ReadAction\",\"target\":[\"https:\\\/\\\/www.clinicaduranburgos.com\\\/es\\\/como-definir-mandibula\\\/\"]}]},{\"@type\":\"ImageObject\",\"inLanguage\":\"es\",\"@id\":\"https:\\\/\\\/www.clinicaduranburgos.com\\\/es\\\/como-definir-mandibula\\\/#primaryimage\",\"url\":\"https:\\\/\\\/www.clinicaduranburgos.com\\\/wp-content\\\/uploads\\\/2025\\\/08\\\/image2.jpg\",\"contentUrl\":\"https:\\\/\\\/www.clinicaduranburgos.com\\\/wp-content\\\/uploads\\\/2025\\\/08\\\/image2.jpg\",\"width\":1200,\"height\":800,\"caption\":\"Opciones naturales y est\u00e9ticas para definir la mand\u00edbula\"},{\"@type\":\"BreadcrumbList\",\"@id\":\"https:\\\/\\\/www.clinicaduranburgos.com\\\/es\\\/como-definir-mandibula\\\/#breadcrumb\",\"itemListElement\":[{\"@type\":\"ListItem\",\"position\":1,\"name\":\"Home\",\"item\":\"https:\\\/\\\/www.clinicaduranburgos.com\\\/es\\\/\"},{\"@type\":\"ListItem\",\"position\":2,\"name\":\"Descubre opciones est\u00e9ticas y naturales para saber c\u00f3mo definir la mand\u00edbula\"}]},{\"@type\":\"WebSite\",\"@id\":\"https:\\\/\\\/www.clinicaduranburgos.com\\\/es\\\/#website\",\"url\":\"https:\\\/\\\/www.clinicaduranburgos.com\\\/es\\\/\",\"name\":\"Cl\u00ednica Dur\u00e1n y Burgos\",\"description\":\"Cl\u00ednica dental en Sitges\",\"publisher\":{\"@id\":\"https:\\\/\\\/www.clinicaduranburgos.com\\\/es\\\/#organization\"},\"alternateName\":\"Cl\u00ednia Dental Dur\u00e1n & Burgos\",\"potentialAction\":[{\"@type\":\"SearchAction\",\"target\":{\"@type\":\"EntryPoint\",\"urlTemplate\":\"https:\\\/\\\/www.clinicaduranburgos.com\\\/es\\\/?s={search_term_string}\"},\"query-input\":{\"@type\":\"PropertyValueSpecification\",\"valueRequired\":true,\"valueName\":\"search_term_string\"}}],\"inLanguage\":\"es\"},{\"@type\":\"Organization\",\"@id\":\"https:\\\/\\\/www.clinicaduranburgos.com\\\/es\\\/#organization\",\"name\":\"Cl\u00ednica Dental Dur\u00e1n y Burgos\",\"url\":\"https:\\\/\\\/www.clinicaduranburgos.com\\\/es\\\/\",\"logo\":{\"@type\":\"ImageObject\",\"inLanguage\":\"es\",\"@id\":\"https:\\\/\\\/www.clinicaduranburgos.com\\\/es\\\/#\\\/schema\\\/logo\\\/image\\\/\",\"url\":\"https:\\\/\\\/www.clinicaduranburgos.com\\\/wp-content\\\/uploads\\\/2023\\\/08\\\/logo-duran-y-burgos.png\",\"contentUrl\":\"https:\\\/\\\/www.clinicaduranburgos.com\\\/wp-content\\\/uploads\\\/2023\\\/08\\\/logo-duran-y-burgos.png\",\"width\":441,\"height\":88,\"caption\":\"Cl\u00ednica Dental Dur\u00e1n y Burgos\"},\"image\":{\"@id\":\"https:\\\/\\\/www.clinicaduranburgos.com\\\/es\\\/#\\\/schema\\\/logo\\\/image\\\/\"},\"sameAs\":[\"https:\\\/\\\/www.facebook.com\\\/ClinicaDentalDuranyBurgos\\\/\",\"https:\\\/\\\/www.instagram.com\\\/duranburgosclinica\\\/\",\"https:\\\/\\\/es.linkedin.com\\\/in\\\/gonzalo-durn-carasso-039a6b29\"]},{\"@type\":\"Person\",\"@id\":\"https:\\\/\\\/www.clinicaduranburgos.com\\\/es\\\/#\\\/schema\\\/person\\\/c9e6e940b73d77deeefa662c0b4fdde7\",\"name\":\"Dr. Gonzalo Dur\u00e1n\",\"image\":{\"@type\":\"ImageObject\",\"inLanguage\":\"es\",\"@id\":\"https:\\\/\\\/www.clinicaduranburgos.com\\\/wp-content\\\/uploads\\\/2024\\\/07\\\/dr.-gonzalo-duran_avatar-96x96.png\",\"url\":\"https:\\\/\\\/www.clinicaduranburgos.com\\\/wp-content\\\/uploads\\\/2024\\\/07\\\/dr.-gonzalo-duran_avatar-96x96.png\",\"contentUrl\":\"https:\\\/\\\/www.clinicaduranburgos.com\\\/wp-content\\\/uploads\\\/2024\\\/07\\\/dr.-gonzalo-duran_avatar-96x96.png\",\"caption\":\"Dr. Gonzalo Dur\u00e1n\"},\"url\":\"https:\\\/\\\/www.clinicaduranburgos.com\\\/es\\\/author\\\/marketersg\\\/\"}]}<\/script>\n<!-- \/ Yoast SEO plugin. -->","yoast_head_json":{"title":"C\u00f3mo definir la mand\u00edbula: m\u00e9todos naturales y est\u00e9ticos","description":"Si no tienes claro c\u00f3mo definir tu mand\u00edbula, en esta gu\u00eda te explicamos qu\u00e9 influye en su forma y c\u00f3mo puedes mejorarla con o sin tratamientos","robots":{"index":"index","follow":"follow","max-snippet":"max-snippet:-1","max-image-preview":"max-image-preview:large","max-video-preview":"max-video-preview:-1"},"canonical":"https:\/\/www.clinicaduranburgos.com\/es\/como-definir-mandibula\/","og_locale":"es_ES","og_type":"article","og_title":"C\u00f3mo definir la mand\u00edbula: m\u00e9todos naturales y est\u00e9ticos","og_description":"Si no tienes claro c\u00f3mo definir tu mand\u00edbula, en esta gu\u00eda te explicamos qu\u00e9 influye en su forma y c\u00f3mo puedes mejorarla con o sin tratamientos","og_url":"https:\/\/www.clinicaduranburgos.com\/es\/como-definir-mandibula\/","og_site_name":"Cl\u00ednica Dur\u00e1n y Burgos","article_publisher":"https:\/\/www.facebook.com\/ClinicaDentalDuranyBurgos\/","article_published_time":"2025-08-04T14:30:25+00:00","og_image":[{"width":1200,"height":800,"url":"https:\/\/www.clinicaduranburgos.com\/wp-content\/uploads\/2025\/08\/image2.jpg","type":"image\/jpeg"}],"author":"Dr. Gonzalo Dur\u00e1n","twitter_card":"summary_large_image","twitter_misc":{"Escrito por":"Dr. Gonzalo Dur\u00e1n","Tiempo de lectura":"5 minutos"},"schema":{"@context":"https:\/\/schema.org","@graph":[{"@type":["Article","BlogPosting"],"@id":"https:\/\/www.clinicaduranburgos.com\/es\/como-definir-mandibula\/#article","isPartOf":{"@id":"https:\/\/www.clinicaduranburgos.com\/es\/como-definir-mandibula\/"},"author":{"name":"Dr. Gonzalo Dur\u00e1n","@id":"https:\/\/www.clinicaduranburgos.com\/es\/#\/schema\/person\/c9e6e940b73d77deeefa662c0b4fdde7"},"headline":"Descubre opciones est\u00e9ticas y naturales para saber c\u00f3mo definir la mand\u00edbula","datePublished":"2025-08-04T14:30:25+00:00","mainEntityOfPage":{"@id":"https:\/\/www.clinicaduranburgos.com\/es\/como-definir-mandibula\/"},"wordCount":1120,"commentCount":0,"publisher":{"@id":"https:\/\/www.clinicaduranburgos.com\/es\/#organization"},"image":{"@id":"https:\/\/www.clinicaduranburgos.com\/es\/como-definir-mandibula\/#primaryimage"},"thumbnailUrl":"https:\/\/www.clinicaduranburgos.com\/wp-content\/uploads\/2025\/08\/image2.jpg","keywords":["Marcaci\u00f3n de mandibula"],"articleSection":["Dur\u00e1n y Burgos","Est\u00e9tica Facial"],"inLanguage":"es","potentialAction":[{"@type":"CommentAction","name":"Comment","target":["https:\/\/www.clinicaduranburgos.com\/es\/como-definir-mandibula\/#respond"]}]},{"@type":["WebPage","ItemPage"],"@id":"https:\/\/www.clinicaduranburgos.com\/es\/como-definir-mandibula\/","url":"https:\/\/www.clinicaduranburgos.com\/es\/como-definir-mandibula\/","name":"C\u00f3mo definir la mand\u00edbula: m\u00e9todos naturales y est\u00e9ticos","isPartOf":{"@id":"https:\/\/www.clinicaduranburgos.com\/es\/#website"},"primaryImageOfPage":{"@id":"https:\/\/www.clinicaduranburgos.com\/es\/como-definir-mandibula\/#primaryimage"},"image":{"@id":"https:\/\/www.clinicaduranburgos.com\/es\/como-definir-mandibula\/#primaryimage"},"thumbnailUrl":"https:\/\/www.clinicaduranburgos.com\/wp-content\/uploads\/2025\/08\/image2.jpg","datePublished":"2025-08-04T14:30:25+00:00","description":"Si no tienes claro c\u00f3mo definir tu mand\u00edbula, en esta gu\u00eda te explicamos qu\u00e9 influye en su forma y c\u00f3mo puedes mejorarla con o sin tratamientos","breadcrumb":{"@id":"https:\/\/www.clinicaduranburgos.com\/es\/como-definir-mandibula\/#breadcrumb"},"inLanguage":"es","potentialAction":[{"@type":"ReadAction","target":["https:\/\/www.clinicaduranburgos.com\/es\/como-definir-mandibula\/"]}]},{"@type":"ImageObject","inLanguage":"es","@id":"https:\/\/www.clinicaduranburgos.com\/es\/como-definir-mandibula\/#primaryimage","url":"https:\/\/www.clinicaduranburgos.com\/wp-content\/uploads\/2025\/08\/image2.jpg","contentUrl":"https:\/\/www.clinicaduranburgos.com\/wp-content\/uploads\/2025\/08\/image2.jpg","width":1200,"height":800,"caption":"Opciones naturales y est\u00e9ticas para definir la mand\u00edbula"},{"@type":"BreadcrumbList","@id":"https:\/\/www.clinicaduranburgos.com\/es\/como-definir-mandibula\/#breadcrumb","itemListElement":[{"@type":"ListItem","position":1,"name":"Home","item":"https:\/\/www.clinicaduranburgos.com\/es\/"},{"@type":"ListItem","position":2,"name":"Descubre opciones est\u00e9ticas y naturales para saber c\u00f3mo definir la mand\u00edbula"}]},{"@type":"WebSite","@id":"https:\/\/www.clinicaduranburgos.com\/es\/#website","url":"https:\/\/www.clinicaduranburgos.com\/es\/","name":"Cl\u00ednica Dur\u00e1n y Burgos","description":"Cl\u00ednica dental en Sitges","publisher":{"@id":"https:\/\/www.clinicaduranburgos.com\/es\/#organization"},"alternateName":"Cl\u00ednia Dental Dur\u00e1n & Burgos","potentialAction":[{"@type":"SearchAction","target":{"@type":"EntryPoint","urlTemplate":"https:\/\/www.clinicaduranburgos.com\/es\/?s={search_term_string}"},"query-input":{"@type":"PropertyValueSpecification","valueRequired":true,"valueName":"search_term_string"}}],"inLanguage":"es"},{"@type":"Organization","@id":"https:\/\/www.clinicaduranburgos.com\/es\/#organization","name":"Cl\u00ednica Dental Dur\u00e1n y Burgos","url":"https:\/\/www.clinicaduranburgos.com\/es\/","logo":{"@type":"ImageObject","inLanguage":"es","@id":"https:\/\/www.clinicaduranburgos.com\/es\/#\/schema\/logo\/image\/","url":"https:\/\/www.clinicaduranburgos.com\/wp-content\/uploads\/2023\/08\/logo-duran-y-burgos.png","contentUrl":"https:\/\/www.clinicaduranburgos.com\/wp-content\/uploads\/2023\/08\/logo-duran-y-burgos.png","width":441,"height":88,"caption":"Cl\u00ednica Dental Dur\u00e1n y Burgos"},"image":{"@id":"https:\/\/www.clinicaduranburgos.com\/es\/#\/schema\/logo\/image\/"},"sameAs":["https:\/\/www.facebook.com\/ClinicaDentalDuranyBurgos\/","https:\/\/www.instagram.com\/duranburgosclinica\/","https:\/\/es.linkedin.com\/in\/gonzalo-durn-carasso-039a6b29"]},{"@type":"Person","@id":"https:\/\/www.clinicaduranburgos.com\/es\/#\/schema\/person\/c9e6e940b73d77deeefa662c0b4fdde7","name":"Dr. Gonzalo Dur\u00e1n","image":{"@type":"ImageObject","inLanguage":"es","@id":"https:\/\/www.clinicaduranburgos.com\/wp-content\/uploads\/2024\/07\/dr.-gonzalo-duran_avatar-96x96.png","url":"https:\/\/www.clinicaduranburgos.com\/wp-content\/uploads\/2024\/07\/dr.-gonzalo-duran_avatar-96x96.png","contentUrl":"https:\/\/www.clinicaduranburgos.com\/wp-content\/uploads\/2024\/07\/dr.-gonzalo-duran_avatar-96x96.png","caption":"Dr. Gonzalo Dur\u00e1n"},"url":"https:\/\/www.clinicaduranburgos.com\/es\/author\/marketersg\/"}]}},"_links":{"self":[{"href":"https:\/\/www.clinicaduranburgos.com\/es\/wp-json\/wp\/v2\/posts\/24014","targetHints":{"allow":["GET"]}}],"collection":[{"href":"https:\/\/www.clinicaduranburgos.com\/es\/wp-json\/wp\/v2\/posts"}],"about":[{"href":"https:\/\/www.clinicaduranburgos.com\/es\/wp-json\/wp\/v2\/types\/post"}],"author":[{"embeddable":true,"href":"https:\/\/www.clinicaduranburgos.com\/es\/wp-json\/wp\/v2\/users\/7"}],"replies":[{"embeddable":true,"href":"https:\/\/www.clinicaduranburgos.com\/es\/wp-json\/wp\/v2\/comments?post=24014"}],"version-history":[{"count":1,"href":"https:\/\/www.clinicaduranburgos.com\/es\/wp-json\/wp\/v2\/posts\/24014\/revisions"}],"predecessor-version":[{"id":24018,"href":"https:\/\/www.clinicaduranburgos.com\/es\/wp-json\/wp\/v2\/posts\/24014\/revisions\/24018"}],"wp:featuredmedia":[{"embeddable":true,"href":"https:\/\/www.clinicaduranburgos.com\/es\/wp-json\/wp\/v2\/media\/24015"}],"wp:attachment":[{"href":"https:\/\/www.clinicaduranburgos.com\/es\/wp-json\/wp\/v2\/media?parent=24014"}],"wp:term":[{"taxonomy":"category","embeddable":true,"href":"https:\/\/www.clinicaduranburgos.com\/es\/wp-json\/wp\/v2\/categories?post=24014"},{"taxonomy":"post_tag","embeddable":true,"href":"https:\/\/www.clinicaduranburgos.com\/es\/wp-json\/wp\/v2\/tags?post=24014"}],"curies":[{"name":"wp","href":"https:\/\/api.w.org\/{rel}","templated":true}]}}